{"id":320,"date":"2013-03-13T15:40:58","date_gmt":"2013-03-13T13:40:58","guid":{"rendered":"http:\/\/enveloppebulle.com\/blog\/?p=320"},"modified":"2021-02-02T15:57:07","modified_gmt":"2021-02-02T15:57:07","slug":"au-printemps-les-frais-de-port-fondent-comme-la-neige-au-soleil","status":"publish","type":"post","link":"https:\/\/enveloppebulle.com\/blog\/index.php\/2013\/03\/13\/au-printemps-les-frais-de-port-fondent-comme-la-neige-au-soleil\/","title":{"rendered":"Au printemps les frais de port fondent comme la neige au soleil."},"content":{"rendered":"<p>Nous vous l&rsquo;avions promis depuis l&rsquo;ann\u00e9e derni\u00e8re, c&rsquo;est d\u00e9sormais chose faite et ce n&rsquo;est pas une op\u00e9ration limit\u00e9e dans le temps mais une mise en place permanente <em>(comme chez le coiffeur&#8230;)<br \/>\n<\/em>Pour la boutique <a href=\"http:\/\/www.enveloppebulle.com\"><strong>www.enveloppebulle.com<\/strong><\/a><br \/>\n&#8211; notre franco de port passe de 299\u20ac \u00e0 <span style=\"color: #333399;\"><strong>100\u20ac<\/strong><\/span> TTC soit <span style=\"color: #333399;\">83,61\u20ac<\/span> HT<br \/>\n&#8211; nous avons r\u00e9duit le nombre de tranches<br \/>\n&#8211; tous les frais de port ont \u00e9t\u00e9 rabot\u00e9s<br \/>\n&#8211; nous avons maintenu le choix de plusieurs transporteurs : domicile, point relais, etc&#8230;<\/p>\n<p>et tout ceci SANS AUCUNE AUGMENTATION tarifaire des produits ! <em>(si vous voyez ce que je sous-entends&#8230;)<\/em><\/p>\n<p><a href=\"http:\/\/www.enveloppebulle.com\"><img loading=\"lazy\" decoding=\"async\" class=\"alignnone size-full wp-image-321\" title=\"tableau_des_frais_de_port\" src=\"https:\/\/enveloppebulle.com\/blog\/wp-content\/uploads\/2013\/03\/tableau_des_frais_de_port.jpg\" alt=\"\" width=\"504\" height=\"221\" srcset=\"https:\/\/enveloppebulle.com\/blog\/wp-content\/uploads\/2013\/03\/tableau_des_frais_de_port.jpg 504w, https:\/\/enveloppebulle.com\/blog\/wp-content\/uploads\/2013\/03\/tableau_des_frais_de_port-300x132.jpg 300w\" sizes=\"auto, (max-width: 504px) 100vw, 504px\" \/><\/a><\/p>\n<p>Profitons de l&rsquo;ocasion pour souhaiter la bienvenue aux 2 petits nouveaux dans notre stock : la <a href=\"http:\/\/www.enveloppebulle.com\/boutique\/fr\/boites-postales\/310-boite-mousse-phonebox-180x120x50-mm-.html\"><span style=\"color: #333399;\"><strong>PhoneBox<\/strong><\/span><\/a><\/p>\n<p><a href=\"http:\/\/www.enveloppebulle.com\/boutique\/fr\/boites-postales\/310-boite-mousse-phonebox-180x120x50-mm-.html\"><img loading=\"lazy\" decoding=\"async\" class=\"alignnone size-full wp-image-332\" title=\"boite-mousse-phonebox-180x120x50-mm-\" src=\"https:\/\/enveloppebulle.com\/blog\/wp-content\/uploads\/2013\/03\/boite-mousse-phonebox-180x120x50-mm-.jpg\" alt=\"\" width=\"524\" height=\"524\" srcset=\"https:\/\/enveloppebulle.com\/blog\/wp-content\/uploads\/2013\/03\/boite-mousse-phonebox-180x120x50-mm-.jpg 600w, https:\/\/enveloppebulle.com\/blog\/wp-content\/uploads\/2013\/03\/boite-mousse-phonebox-180x120x50-mm--300x300.jpg 300w, https:\/\/enveloppebulle.com\/blog\/wp-content\/uploads\/2013\/03\/boite-mousse-phonebox-180x120x50-mm--150x150.jpg 150w\" sizes=\"auto, (max-width: 524px) 100vw, 524px\" \/><\/a><\/p>\n<p>et les <a href=\"http:\/\/www.enveloppebulle.com\/boutique\/fr\/19-sachets-bulles\"><span style=\"color: #333399;\"><strong>sachets bulles avec rabat adh\u00e9sifs<\/strong><\/span><\/a>, d&rsquo;une qualit\u00e9 incomparable par rapport aux pr\u00e9c\u00e9dents et &#8230; moins chers <em>&#8211;&gt; mais qu&rsquo;attend le gouvernement pour nous les taxer ???<\/em><\/p>\n<p><a href=\"http:\/\/www.enveloppebulle.com\/boutique\/fr\/19-sachets-bulles\"><img loading=\"lazy\" decoding=\"async\" class=\"alignnone size-full wp-image-333\" title=\"sachets-bulles-d-air-100x120-mm-avec-rabat-adhesif\" src=\"https:\/\/enveloppebulle.com\/blog\/wp-content\/uploads\/2013\/03\/sachets-bulles-d-air-100x120-mm-avec-rabat-adhesif.jpg\" alt=\"\" width=\"525\" height=\"525\" srcset=\"https:\/\/enveloppebulle.com\/blog\/wp-content\/uploads\/2013\/03\/sachets-bulles-d-air-100x120-mm-avec-rabat-adhesif.jpg 600w, https:\/\/enveloppebulle.com\/blog\/wp-content\/uploads\/2013\/03\/sachets-bulles-d-air-100x120-mm-avec-rabat-adhesif-300x300.jpg 300w, https:\/\/enveloppebulle.com\/blog\/wp-content\/uploads\/2013\/03\/sachets-bulles-d-air-100x120-mm-avec-rabat-adhesif-150x150.jpg 150w\" sizes=\"auto, (max-width: 525px) 100vw, 525px\" \/><\/a><\/p>\n<p>et pour les professionnels qui souhaitent d\u00e9velopper leurs ventes, n\u2019h\u00e9sitez pas \u00e0 d\u00e9couvrir notre partenaire privil\u00e9gi\u00e9 actuellement :<\/p>\n<p><a href=\"http:\/\/www.paquetplus.fr\/\"><img loading=\"lazy\" decoding=\"async\" class=\"alignnone size-full wp-image-344\" title=\"paquetplus_Logo\" src=\"https:\/\/enveloppebulle.com\/blog\/wp-content\/uploads\/2013\/03\/paquetplus_Logo.jpg\" alt=\"\" width=\"279\" height=\"96\"><\/a><\/p>\n","protected":false},"excerpt":{"rendered":"<p>Nous vous l&rsquo;avions promis depuis l&rsquo;ann\u00e9e derni\u00e8re, c&rsquo;est d\u00e9sormais chose faite et ce n&rsquo;est pas une op\u00e9ration limit\u00e9e dans le temps mais une mise en place permanente (comme chez le coiffeur&#8230;) Pour la boutique www.enveloppebulle.com &#8211; notre franco de port passe de 299\u20ac \u00e0 100\u20ac TTC soit 83,61\u20ac HT &#8211; [&hellip;]<\/p>\n","protected":false},"author":3,"featured_media":0,"comment_status":"closed","ping_status":"open","sticky":false,"template":"","format":"standard","meta":{"_monsterinsights_skip_tracking":false,"_monsterinsights_sitenote_active":false,"_monsterinsights_sitenote_note":"","_monsterinsights_sitenote_category":0,"ngg_post_thumbnail":0,"_jetpack_memberships_contains_paid_content":false,"footnotes":""},"categories":[3],"tags":[],"class_list":["post-320","post","type-post","status-publish","format-standard","hentry","category-non-classe"],"aioseo_notices":[],"yoast_head":"<!-- This site is optimized with the Yoast SEO plugin v21.6 - https:\/\/yoast.com\/wordpress\/plugins\/seo\/ -->\n<title>Au printemps les frais de port fondent comme la neige au soleil. - Le Blog EnveloppeBulle<\/title>\n<meta name=\"robots\" content=\"index, follow, max-snippet:-1, max-image-preview:large, max-video-preview:-1\" \/>\n<link rel=\"canonical\" href=\"https:\/\/enveloppebulle.com\/blog\/index.php\/2013\/03\/13\/au-printemps-les-frais-de-port-fondent-comme-la-neige-au-soleil\/\" \/>\n<meta property=\"og:locale\" content=\"fr_FR\" \/>\n<meta property=\"og:type\" content=\"article\" \/>\n<meta property=\"og:title\" content=\"Au printemps les frais de port fondent comme la neige au soleil. - Le Blog EnveloppeBulle\" \/>\n<meta property=\"og:description\" content=\"Nous vous l&rsquo;avions promis depuis l&rsquo;ann\u00e9e derni\u00e8re, c&rsquo;est d\u00e9sormais chose faite et ce n&rsquo;est pas une op\u00e9ration limit\u00e9e dans le temps mais une mise en place permanente (comme chez le coiffeur&#8230;) Pour la boutique www.enveloppebulle.com &#8211; notre franco de port passe de 299\u20ac \u00e0 100\u20ac TTC soit 83,61\u20ac HT &#8211; [&hellip;]\" \/>\n<meta property=\"og:url\" content=\"https:\/\/enveloppebulle.com\/blog\/index.php\/2013\/03\/13\/au-printemps-les-frais-de-port-fondent-comme-la-neige-au-soleil\/\" \/>\n<meta property=\"og:site_name\" content=\"Le Blog EnveloppeBulle\" \/>\n<meta property=\"article:published_time\" content=\"2013-03-13T13:40:58+00:00\" \/>\n<meta property=\"article:modified_time\" content=\"2021-02-02T15:57:07+00:00\" \/>\n<meta property=\"og:image\" content=\"https:\/\/enveloppebulle.com\/blog\/wp-content\/uploads\/2013\/03\/tableau_des_frais_de_port.jpg\" \/>\n<meta name=\"author\" content=\"Thomas\" \/>\n<meta name=\"twitter:card\" content=\"summary_large_image\" \/>\n<meta name=\"twitter:label1\" content=\"\u00c9crit par\" \/>\n\t<meta name=\"twitter:data1\" content=\"Thomas\" \/>\n\t<meta name=\"twitter:label2\" content=\"Dur\u00e9e de lecture estim\u00e9e\" \/>\n\t<meta name=\"twitter:data2\" content=\"2 minutes\" \/>\n<script type=\"application\/ld+json\" class=\"yoast-schema-graph\">{\"@context\":\"https:\/\/schema.org\",\"@graph\":[{\"@type\":\"Article\",\"@id\":\"https:\/\/enveloppebulle.com\/blog\/index.php\/2013\/03\/13\/au-printemps-les-frais-de-port-fondent-comme-la-neige-au-soleil\/#article\",\"isPartOf\":{\"@id\":\"https:\/\/enveloppebulle.com\/blog\/index.php\/2013\/03\/13\/au-printemps-les-frais-de-port-fondent-comme-la-neige-au-soleil\/\"},\"author\":{\"name\":\"Thomas\",\"@id\":\"https:\/\/enveloppebulle.com\/blog\/#\/schema\/person\/d5e3ae9613105f5a81da2dc806f4e68b\"},\"headline\":\"Au printemps les frais de port fondent comme la neige au soleil.\",\"datePublished\":\"2013-03-13T13:40:58+00:00\",\"dateModified\":\"2021-02-02T15:57:07+00:00\",\"mainEntityOfPage\":{\"@id\":\"https:\/\/enveloppebulle.com\/blog\/index.php\/2013\/03\/13\/au-printemps-les-frais-de-port-fondent-comme-la-neige-au-soleil\/\"},\"wordCount\":178,\"publisher\":{\"@id\":\"https:\/\/enveloppebulle.com\/blog\/#organization\"},\"articleSection\":[\"La vie des bulles\"],\"inLanguage\":\"fr-FR\"},{\"@type\":\"WebPage\",\"@id\":\"https:\/\/enveloppebulle.com\/blog\/index.php\/2013\/03\/13\/au-printemps-les-frais-de-port-fondent-comme-la-neige-au-soleil\/\",\"url\":\"https:\/\/enveloppebulle.com\/blog\/index.php\/2013\/03\/13\/au-printemps-les-frais-de-port-fondent-comme-la-neige-au-soleil\/\",\"name\":\"Au printemps les frais de port fondent comme la neige au soleil. - Le Blog EnveloppeBulle\",\"isPartOf\":{\"@id\":\"https:\/\/enveloppebulle.com\/blog\/#website\"},\"datePublished\":\"2013-03-13T13:40:58+00:00\",\"dateModified\":\"2021-02-02T15:57:07+00:00\",\"breadcrumb\":{\"@id\":\"https:\/\/enveloppebulle.com\/blog\/index.php\/2013\/03\/13\/au-printemps-les-frais-de-port-fondent-comme-la-neige-au-soleil\/#breadcrumb\"},\"inLanguage\":\"fr-FR\",\"potentialAction\":[{\"@type\":\"ReadAction\",\"target\":[\"https:\/\/enveloppebulle.com\/blog\/index.php\/2013\/03\/13\/au-printemps-les-frais-de-port-fondent-comme-la-neige-au-soleil\/\"]}]},{\"@type\":\"BreadcrumbList\",\"@id\":\"https:\/\/enveloppebulle.com\/blog\/index.php\/2013\/03\/13\/au-printemps-les-frais-de-port-fondent-comme-la-neige-au-soleil\/#breadcrumb\",\"itemListElement\":[{\"@type\":\"ListItem\",\"position\":1,\"name\":\"Home\",\"item\":\"https:\/\/enveloppebulle.com\/blog\/\"},{\"@type\":\"ListItem\",\"position\":2,\"name\":\"Au printemps les frais de port fondent comme la neige au soleil.\"}]},{\"@type\":\"WebSite\",\"@id\":\"https:\/\/enveloppebulle.com\/blog\/#website\",\"url\":\"https:\/\/enveloppebulle.com\/blog\/\",\"name\":\"Le Blog EnveloppeBulle\",\"description\":\"Des enveloppes.. et des bulles\",\"publisher\":{\"@id\":\"https:\/\/enveloppebulle.com\/blog\/#organization\"},\"potentialAction\":[{\"@type\":\"SearchAction\",\"target\":{\"@type\":\"EntryPoint\",\"urlTemplate\":\"https:\/\/enveloppebulle.com\/blog\/?s={search_term_string}\"},\"query-input\":\"required name=search_term_string\"}],\"inLanguage\":\"fr-FR\"},{\"@type\":\"Organization\",\"@id\":\"https:\/\/enveloppebulle.com\/blog\/#organization\",\"name\":\"Le Blog EnveloppeBulle\",\"url\":\"https:\/\/enveloppebulle.com\/blog\/\",\"logo\":{\"@type\":\"ImageObject\",\"inLanguage\":\"fr-FR\",\"@id\":\"https:\/\/enveloppebulle.com\/blog\/#\/schema\/logo\/image\/\",\"url\":\"https:\/\/enveloppebulle.com\/blog\/wp-content\/uploads\/2021\/02\/cropped-logo_ebc_2020-1.png\",\"contentUrl\":\"https:\/\/enveloppebulle.com\/blog\/wp-content\/uploads\/2021\/02\/cropped-logo_ebc_2020-1.png\",\"width\":347,\"height\":99,\"caption\":\"Le Blog EnveloppeBulle\"},\"image\":{\"@id\":\"https:\/\/enveloppebulle.com\/blog\/#\/schema\/logo\/image\/\"}},{\"@type\":\"Person\",\"@id\":\"https:\/\/enveloppebulle.com\/blog\/#\/schema\/person\/d5e3ae9613105f5a81da2dc806f4e68b\",\"name\":\"Thomas\",\"image\":{\"@type\":\"ImageObject\",\"inLanguage\":\"fr-FR\",\"@id\":\"https:\/\/enveloppebulle.com\/blog\/#\/schema\/person\/image\/\",\"url\":\"https:\/\/secure.gravatar.com\/avatar\/6016e2426a2af2ad75534848a2162ea4525735b8ee78e8436f3200b023d653d0?s=96&d=mm&r=g\",\"contentUrl\":\"https:\/\/secure.gravatar.com\/avatar\/6016e2426a2af2ad75534848a2162ea4525735b8ee78e8436f3200b023d653d0?s=96&d=mm&r=g\",\"caption\":\"Thomas\"},\"description\":\"Pilote de l'appareil depuis 1992...\",\"sameAs\":[\"https:\/\/www.enveloppebulle.com\"],\"url\":\"https:\/\/enveloppebulle.com\/blog\/index.php\/author\/thomas\/\"}]}<\/script>\n<!-- \/ Yoast SEO plugin. -->","yoast_head_json":{"title":"Au printemps les frais de port fondent comme la neige au soleil. - Le Blog EnveloppeBulle","robots":{"index":"index","follow":"follow","max-snippet":"max-snippet:-1","max-image-preview":"max-image-preview:large","max-video-preview":"max-video-preview:-1"},"canonical":"https:\/\/enveloppebulle.com\/blog\/index.php\/2013\/03\/13\/au-printemps-les-frais-de-port-fondent-comme-la-neige-au-soleil\/","og_locale":"fr_FR","og_type":"article","og_title":"Au printemps les frais de port fondent comme la neige au soleil. - Le Blog EnveloppeBulle","og_description":"Nous vous l&rsquo;avions promis depuis l&rsquo;ann\u00e9e derni\u00e8re, c&rsquo;est d\u00e9sormais chose faite et ce n&rsquo;est pas une op\u00e9ration limit\u00e9e dans le temps mais une mise en place permanente (comme chez le coiffeur&#8230;) Pour la boutique www.enveloppebulle.com &#8211; notre franco de port passe de 299\u20ac \u00e0 100\u20ac TTC soit 83,61\u20ac HT &#8211; [&hellip;]","og_url":"https:\/\/enveloppebulle.com\/blog\/index.php\/2013\/03\/13\/au-printemps-les-frais-de-port-fondent-comme-la-neige-au-soleil\/","og_site_name":"Le Blog EnveloppeBulle","article_published_time":"2013-03-13T13:40:58+00:00","article_modified_time":"2021-02-02T15:57:07+00:00","og_image":[{"url":"https:\/\/enveloppebulle.com\/blog\/wp-content\/uploads\/2013\/03\/tableau_des_frais_de_port.jpg"}],"author":"Thomas","twitter_card":"summary_large_image","twitter_misc":{"\u00c9crit par":"Thomas","Dur\u00e9e de lecture estim\u00e9e":"2 minutes"},"schema":{"@context":"https:\/\/schema.org","@graph":[{"@type":"Article","@id":"https:\/\/enveloppebulle.com\/blog\/index.php\/2013\/03\/13\/au-printemps-les-frais-de-port-fondent-comme-la-neige-au-soleil\/#article","isPartOf":{"@id":"https:\/\/enveloppebulle.com\/blog\/index.php\/2013\/03\/13\/au-printemps-les-frais-de-port-fondent-comme-la-neige-au-soleil\/"},"author":{"name":"Thomas","@id":"https:\/\/enveloppebulle.com\/blog\/#\/schema\/person\/d5e3ae9613105f5a81da2dc806f4e68b"},"headline":"Au printemps les frais de port fondent comme la neige au soleil.","datePublished":"2013-03-13T13:40:58+00:00","dateModified":"2021-02-02T15:57:07+00:00","mainEntityOfPage":{"@id":"https:\/\/enveloppebulle.com\/blog\/index.php\/2013\/03\/13\/au-printemps-les-frais-de-port-fondent-comme-la-neige-au-soleil\/"},"wordCount":178,"publisher":{"@id":"https:\/\/enveloppebulle.com\/blog\/#organization"},"articleSection":["La vie des bulles"],"inLanguage":"fr-FR"},{"@type":"WebPage","@id":"https:\/\/enveloppebulle.com\/blog\/index.php\/2013\/03\/13\/au-printemps-les-frais-de-port-fondent-comme-la-neige-au-soleil\/","url":"https:\/\/enveloppebulle.com\/blog\/index.php\/2013\/03\/13\/au-printemps-les-frais-de-port-fondent-comme-la-neige-au-soleil\/","name":"Au printemps les frais de port fondent comme la neige au soleil. - Le Blog EnveloppeBulle","isPartOf":{"@id":"https:\/\/enveloppebulle.com\/blog\/#website"},"datePublished":"2013-03-13T13:40:58+00:00","dateModified":"2021-02-02T15:57:07+00:00","breadcrumb":{"@id":"https:\/\/enveloppebulle.com\/blog\/index.php\/2013\/03\/13\/au-printemps-les-frais-de-port-fondent-comme-la-neige-au-soleil\/#breadcrumb"},"inLanguage":"fr-FR","potentialAction":[{"@type":"ReadAction","target":["https:\/\/enveloppebulle.com\/blog\/index.php\/2013\/03\/13\/au-printemps-les-frais-de-port-fondent-comme-la-neige-au-soleil\/"]}]},{"@type":"BreadcrumbList","@id":"https:\/\/enveloppebulle.com\/blog\/index.php\/2013\/03\/13\/au-printemps-les-frais-de-port-fondent-comme-la-neige-au-soleil\/#breadcrumb","itemListElement":[{"@type":"ListItem","position":1,"name":"Home","item":"https:\/\/enveloppebulle.com\/blog\/"},{"@type":"ListItem","position":2,"name":"Au printemps les frais de port fondent comme la neige au soleil."}]},{"@type":"WebSite","@id":"https:\/\/enveloppebulle.com\/blog\/#website","url":"https:\/\/enveloppebulle.com\/blog\/","name":"Le Blog EnveloppeBulle","description":"Des enveloppes.. et des bulles","publisher":{"@id":"https:\/\/enveloppebulle.com\/blog\/#organization"},"potentialAction":[{"@type":"SearchAction","target":{"@type":"EntryPoint","urlTemplate":"https:\/\/enveloppebulle.com\/blog\/?s={search_term_string}"},"query-input":"required name=search_term_string"}],"inLanguage":"fr-FR"},{"@type":"Organization","@id":"https:\/\/enveloppebulle.com\/blog\/#organization","name":"Le Blog EnveloppeBulle","url":"https:\/\/enveloppebulle.com\/blog\/","logo":{"@type":"ImageObject","inLanguage":"fr-FR","@id":"https:\/\/enveloppebulle.com\/blog\/#\/schema\/logo\/image\/","url":"https:\/\/enveloppebulle.com\/blog\/wp-content\/uploads\/2021\/02\/cropped-logo_ebc_2020-1.png","contentUrl":"https:\/\/enveloppebulle.com\/blog\/wp-content\/uploads\/2021\/02\/cropped-logo_ebc_2020-1.png","width":347,"height":99,"caption":"Le Blog EnveloppeBulle"},"image":{"@id":"https:\/\/enveloppebulle.com\/blog\/#\/schema\/logo\/image\/"}},{"@type":"Person","@id":"https:\/\/enveloppebulle.com\/blog\/#\/schema\/person\/d5e3ae9613105f5a81da2dc806f4e68b","name":"Thomas","image":{"@type":"ImageObject","inLanguage":"fr-FR","@id":"https:\/\/enveloppebulle.com\/blog\/#\/schema\/person\/image\/","url":"https:\/\/secure.gravatar.com\/avatar\/6016e2426a2af2ad75534848a2162ea4525735b8ee78e8436f3200b023d653d0?s=96&d=mm&r=g","contentUrl":"https:\/\/secure.gravatar.com\/avatar\/6016e2426a2af2ad75534848a2162ea4525735b8ee78e8436f3200b023d653d0?s=96&d=mm&r=g","caption":"Thomas"},"description":"Pilote de l'appareil depuis 1992...","sameAs":["https:\/\/www.enveloppebulle.com"],"url":"https:\/\/enveloppebulle.com\/blog\/index.php\/author\/thomas\/"}]}},"jetpack_featured_media_url":"","jetpack_sharing_enabled":true,"_links":{"self":[{"href":"https:\/\/enveloppebulle.com\/blog\/index.php\/wp-json\/wp\/v2\/posts\/320","targetHints":{"allow":["GET"]}}],"collection":[{"href":"https:\/\/enveloppebulle.com\/blog\/index.php\/wp-json\/wp\/v2\/posts"}],"about":[{"href":"https:\/\/enveloppebulle.com\/blog\/index.php\/wp-json\/wp\/v2\/types\/post"}],"author":[{"embeddable":true,"href":"https:\/\/enveloppebulle.com\/blog\/index.php\/wp-json\/wp\/v2\/users\/3"}],"replies":[{"embeddable":true,"href":"https:\/\/enveloppebulle.com\/blog\/index.php\/wp-json\/wp\/v2\/comments?post=320"}],"version-history":[{"count":1,"href":"https:\/\/enveloppebulle.com\/blog\/index.php\/wp-json\/wp\/v2\/posts\/320\/revisions"}],"predecessor-version":[{"id":775,"href":"https:\/\/enveloppebulle.com\/blog\/index.php\/wp-json\/wp\/v2\/posts\/320\/revisions\/775"}],"wp:attachment":[{"href":"https:\/\/enveloppebulle.com\/blog\/index.php\/wp-json\/wp\/v2\/media?parent=320"}],"wp:term":[{"taxonomy":"category","embeddable":true,"href":"https:\/\/enveloppebulle.com\/blog\/index.php\/wp-json\/wp\/v2\/categories?post=320"},{"taxonomy":"post_tag","embeddable":true,"href":"https:\/\/enveloppebulle.com\/blog\/index.php\/wp-json\/wp\/v2\/tags?post=320"}],"curies":[{"name":"wp","href":"https:\/\/api.w.org\/{rel}","templated":true}]}}